{"id":6686,"date":"2024-02-16T10:20:00","date_gmt":"2024-02-16T10:20:00","guid":{"rendered":"https:\/\/meridianglobalservices.com\/?p=6686"},"modified":"2024-07-02T10:36:21","modified_gmt":"2024-07-02T09:36:21","slug":"belgien-wird-aufgefordert-dem-svr-element-von-vida-wahrend-der-derzeitigen-eu-ratsprasidentschaft-prioritat-einzuraumen","status":"publish","type":"post","link":"https:\/\/meridianglobalservices.com\/de\/belgium-urged-to-prioritise-the-svr-element-of-vida-during-current-eu-council-presidency\/","title":{"rendered":"Belgien dr\u00e4ngt darauf, dem SVR-Element von ViDA w\u00e4hrend der derzeitigen EU-Ratspr\u00e4sidentschaft Priorit\u00e4t einzur\u00e4umen"},"content":{"rendered":"<p class=\"wp-block-paragraph\">Zwei der gr\u00f6\u00dften Verb\u00e4nde, die die H\u00e4ndler des elektronischen Handels in der EU unterst\u00fctzen, n\u00e4mlich E-Commerce Europe und EuroCommerce, haben sich in einem Schreiben an den belgischen Finanzminister Vincent Van Peteghem gewandt, in dem sie auf die rechtzeitige Umsetzung des Elements der einheitlichen MwSt-Registrierung (\"SVR\") des Pakets \"Mehrwertsteuer im digitalen Zeitalter\" (\"ViDA\") dr\u00e4ngen.<\/p>\n\n\n\n<p class=\"wp-block-paragraph\">Man hatte gehofft, dass der ViDA-Gesetzesentwurf bereits im letzten Jahr vollst\u00e4ndig verabschiedet worden w\u00e4re, aber die Ratifizierung hat sich verz\u00f6gert. Infolgedessen wird allgemein erwartet, dass sich der Zeitplan f\u00fcr die Einf\u00fchrung der neuen MwSt-\u00c4nderungen nach hinten verschiebt, wobei das SVR-Element vorl\u00e4ufig nicht vor 2026 in Kraft treten wird (ein Jahr sp\u00e4ter als urspr\u00fcnglich geplant).<\/p>\n\n\n\n<p class=\"wp-block-paragraph\">Die sechsmonatige belgische EU-Ratspr\u00e4sidentschaft begann am 1. Januar 2024, und es wird davon ausgegangen, dass das ViDA-Paket noch vor Juni dieses Jahres verabschiedet werden soll, wobei die entsprechenden Gespr\u00e4che mit den EU-Mitgliedstaaten f\u00fcr den 14. Mai 2024 geplant sind.<\/p>\n\n\n\n<p class=\"wp-block-paragraph\">E-Commerce Europe und EuroCommerce haben sich nachdr\u00fccklich f\u00fcr eine rasche Einf\u00fchrung der SVR ausgesprochen und die Bedeutung dieser Regelung f\u00fcr den EU-E-Commerce-Sektor hervorgehoben. Vor allem KMU sind am st\u00e4rksten von den hohen Kosten f\u00fcr die Einhaltung der MwSt-Vorschriften betroffen, die mit der Ausweitung ihrer Gesch\u00e4ftst\u00e4tigkeit innerhalb der EU verbunden sind, insbesondere wenn sie \u00fcber Marktpl\u00e4tze handeln und Lagerbest\u00e4nde in EU-Mitgliedstaaten au\u00dferhalb des Landes ihrer Niederlassung halten.<\/p>\n\n\n\n<p class=\"wp-block-paragraph\">Der SVR soll auf die Meldung bestimmter Ums\u00e4tze ausgedehnt werden, die bei der Einf\u00fchrung des One-Stop-Shops (\"OSS\") am 1. Juli 2021 noch nicht erfasst waren, wodurch die Notwendigkeit einer mehrfachen EU-Mehrwertsteuerregistrierung entf\u00e4llt. Ein weiterer Bestandteil der SVR ist die obligatorische Anwendung der erweiterten Umkehrung der Steuerschuldnerschaft auf inl\u00e4ndische B2B-Verk\u00e4ufe von Waren, die von einem ausl\u00e4ndischen Lieferanten stammen. Damit wird nicht nur die derzeitige Uneinheitlichkeit bei der Anwendung der erweiterten Umkehrung der Steuerschuldnerschaft zwischen den Mitgliedstaaten beseitigt, sondern - was noch wichtiger ist - ein weiterer Beitrag zur Vereinfachung der Mehrwertsteuerpflichten geleistet, was wiederum die Befolgungskosten f\u00fcr die Wirtschaftsbeteiligten in der EU senkt.<\/p>\n\n\n\n<p class=\"wp-block-paragraph\">Die Verfasser des Schreibens haben auch vorgeschlagen, den Teil der Gesetzgebung, der die obligatorische Einf\u00fchrung des Import One-Stop-Shops (\"IOSS\") betrifft, aus ViDA zu streichen, da davon ausgegangen wird, dass dieser Teil des Pakets weitere Verz\u00f6gerungen verursachen wird. Stattdessen sollte die IOSS-Erweiterung in die geplante \u00dcberarbeitung des EU-Zollrechts aufgenommen werden.<\/p>\n\n\n\n<p class=\"wp-block-paragraph\">Ob die E-Commerce-Branche die Einf\u00fchrung der SVR bis Januar 2025 erleben wird, ist noch unklar, aber es wurde nachdr\u00fccklich betont, dass es umso besser ist, je fr\u00fcher sie eingef\u00fchrt wird, wobei eine Verz\u00f6gerung von h\u00f6chstens einem Jahr m\u00f6glich ist.<br>Wir werden Sie \u00fcber alle weiteren Entwicklungen zu diesem Thema auf dem Laufenden halten.<\/p>","protected":false},"excerpt":{"rendered":"<p>Two of the largest associations supporting EU e-Commerce traders, namely E-Commerce Europe and EuroCommerce, have submitted a letter to Mr Vincent Van Peteghem, the Belgian Minister of [&hellip;]<\/p>\n","protected":false},"author":239137923,"featured_media":6688,"comment_status":"open","ping_status":"open","sticky":false,"template":"","format":"standard","meta":{"_crdt_document":"","content-type":"","_jetpack_newsletter_access":"","_jetpack_dont_email_post_to_subs":false,"_jetpack_newsletter_tier_id":0,"_jetpack_memberships_contains_paywalled_content":false,"_jetpack_memberships_contains_paid_content":false,"footnotes":"","jetpack_publicize_message":"","jetpack_publicize_feature_enabled":true,"jetpack_social_post_already_shared":true,"jetpack_social_options":{"image_generator_settings":{"template":"highway","default_image_id":0,"font":"","enabled":false},"version":2},"_wpas_customize_per_network":false,"jetpack_post_was_ever_published":false},"categories":[1389],"tags":[],"class_list":["post-6686","post","type-post","status-publish","format-standard","has-post-thumbnail","hentry","category-vida"],"jetpack_publicize_connections":[],"jetpack_featured_media_url":"https:\/\/meridianglobalservices.com\/wp-content\/uploads\/2024\/07\/blog-2023-09-12_Blog_Posts_1140x300px7.png","jetpack_likes_enabled":true,"jetpack_sharing_enabled":true,"jetpack_shortlink":"https:\/\/wp.me\/pfNysa-1JQ","_links":{"self":[{"href":"https:\/\/meridianglobalservices.com\/de\/wp-json\/wp\/v2\/posts\/6686","targetHints":{"allow":["GET"]}}],"collection":[{"href":"https:\/\/meridianglobalservices.com\/de\/wp-json\/wp\/v2\/posts"}],"about":[{"href":"https:\/\/meridianglobalservices.com\/de\/wp-json\/wp\/v2\/types\/post"}],"author":[{"embeddable":true,"href":"https:\/\/meridianglobalservices.com\/de\/wp-json\/wp\/v2\/users\/239137923"}],"replies":[{"embeddable":true,"href":"https:\/\/meridianglobalservices.com\/de\/wp-json\/wp\/v2\/comments?post=6686"}],"version-history":[{"count":2,"href":"https:\/\/meridianglobalservices.com\/de\/wp-json\/wp\/v2\/posts\/6686\/revisions"}],"predecessor-version":[{"id":6689,"href":"https:\/\/meridianglobalservices.com\/de\/wp-json\/wp\/v2\/posts\/6686\/revisions\/6689"}],"wp:featuredmedia":[{"embeddable":true,"href":"https:\/\/meridianglobalservices.com\/de\/wp-json\/wp\/v2\/media\/6688"}],"wp:attachment":[{"href":"https:\/\/meridianglobalservices.com\/de\/wp-json\/wp\/v2\/media?parent=6686"}],"wp:term":[{"taxonomy":"category","embeddable":true,"href":"https:\/\/meridianglobalservices.com\/de\/wp-json\/wp\/v2\/categories?post=6686"},{"taxonomy":"post_tag","embeddable":true,"href":"https:\/\/meridianglobalservices.com\/de\/wp-json\/wp\/v2\/tags?post=6686"}],"curies":[{"name":"wp","href":"https:\/\/api.w.org\/{rel}","templated":true}]}}