{"id":6834,"date":"2023-10-20T14:36:00","date_gmt":"2023-10-20T13:36:00","guid":{"rendered":"https:\/\/meridianglobalservices.com\/?p=6834"},"modified":"2024-07-10T14:39:13","modified_gmt":"2024-07-10T13:39:13","slug":"aktueller-stand-der-eu-kommission-zu-den-vida-diskussionen-vor-der-rechnungsfreigabe-als-eckpfeiler-der-digitalen-rechnungsstellungsanforderungen","status":"publish","type":"post","link":"https:\/\/meridianglobalservices.com\/de\/eu-commission-update-on-vida-discussions-pre-clearance-of-invoice-to-be-the-cornerstone-of-e-invoicing-digital-reporting-requirements\/","title":{"rendered":"EU-Kommission informiert \u00fcber den aktuellen Stand der ViDA-Diskussionen: Vorabkl\u00e4rung der Rechnung als Eckpfeiler der E-Invoicing- und digitalen Berichtsanforderungen"},"content":{"rendered":"<p class=\"wp-block-paragraph\">Gestern informierte Patrice Pillet von der EU-Kommission \u00fcber den aktuellen Stand der Diskussionen im Rat \u00fcber das Paket \"Mehrwertsteuer im digitalen Zeitalter\" (ViDA) und die \u00c4nderungen, die am urspr\u00fcnglichen ViDA-Vorschlag vorgenommen werden.<\/p>\n\n\n\n<p class=\"wp-block-paragraph\">Was die S\u00e4ule \"elektronische Rechnungsstellung und digitale Berichterstattung\" betrifft, so wurde nachdr\u00fccklich darauf hingewiesen, dass die Vorabpr\u00fcfung der elektronischen Rechnung ein zentraler Bestandteil des obligatorischen elektronischen Rechnungsstellungs- und digitalen Berichterstattungssystems sein wird, das f\u00fcr innergemeinschaftliche Ums\u00e4tze eingef\u00fchrt werden soll. Dies steht im Gegensatz zum urspr\u00fcnglichen Text, der diese M\u00f6glichkeit ausdr\u00fccklich ausschloss.<\/p>\n\n\n\n<p class=\"wp-block-paragraph\">Die Vorabpr\u00fcfung der Rechnung w\u00fcrde entweder durch die Steuerbeh\u00f6rde, einen zugelassenen Dritten oder vielleicht sogar durch eine zugelassene Software erfolgen, bevor die Rechnung an den Kunden \u00fcbermittelt wird - allerdings ohne eine zentrale Rechnungspr\u00fcfung und -zustellung durch die Steuerbeh\u00f6rden.<\/p>\n\n\n\n<p class=\"wp-block-paragraph\">Ziel der Vorabkl\u00e4rung ist es, die digitale \u00dcbermittlung der Rechnungsdaten zu erleichtern und die Rechnungsstellung unmittelbar mit der Ausstellung der Rechnung vorzunehmen, anstatt eine gesonderte innergemeinschaftliche Echtzeit-Meldung f\u00fcr die Unternehmen vorzunehmen (was den Grunds\u00e4tzen des Gesamtvorschlags zuwiderl\u00e4uft, der darauf abzielt, die Einhaltung der Vorschriften f\u00fcr in der EU t\u00e4tige Unternehmen zu erleichtern).<\/p>\n\n\n\n<p class=\"wp-block-paragraph\">Letztendlich sollte die oben genannte Methodik auch f\u00fcr nationale Echtzeit-Meldesysteme gelten, die von jedem EU-Mitgliedstaat als Teil des EU-Plans zur Harmonisierung dieser Systeme in der gesamten EU optional eingef\u00fchrt werden. Die Kommission best\u00e4tigte jedoch, dass viele EU-Mitgliedstaaten hier Bedenken ge\u00e4u\u00dfert haben, und es bleibt abzuwarten, ob die vorgeschlagenen Anforderungen zur Harmonisierung nationaler digitaler Meldesysteme als Teil des angenommenen Textes bestehen bleiben.<\/p>","protected":false},"excerpt":{"rendered":"<p>Yesterday, Patrice Pillet of the EU commission provided an update on the progress of ongoing council discussions on the VAT in the Digital Age (ViDA) package, and [&hellip;]<\/p>\n","protected":false},"author":239137921,"featured_media":6762,"comment_status":"open","ping_status":"open","sticky":false,"template":"","format":"standard","meta":{"content-type":"","_jetpack_newsletter_access":"","_jetpack_dont_email_post_to_subs":false,"_jetpack_newsletter_tier_id":0,"_jetpack_memberships_contains_paywalled_content":false,"_wpcom_ai_launchpad_first_post":false,"_jetpack_feature_clip_id":0,"_jetpack_memberships_contains_paid_content":false,"footnotes":"","jetpack_publicize_message":"{title}\n\n{excerpt}\n\n{url}","jetpack_publicize_feature_enabled":true,"jetpack_social_post_already_shared":true,"jetpack_social_options":{"image_generator_settings":{"template":"highway","default_image_id":0,"font":"","enabled":false},"version":2},"_wpas_customize_per_network":false,"jetpack_post_was_ever_published":false},"categories":[1389],"tags":[1391],"class_list":["post-6834","post","type-post","status-publish","format-standard","has-post-thumbnail","hentry","category-vida","tag-vida-update"],"jetpack_publicize_connections":[],"jetpack_likes_enabled":true,"jetpack_sharing_enabled":true,"jetpack_shortlink":"https:\/\/wp.me\/pfNysa-1Me","jetpack_featured_media_url":"https:\/\/meridianglobalservices.com\/wp-content\/uploads\/2024\/07\/blog-2023-10-12-VIDA_Blog_Posts_1140x300pxV2-1.png","_links":{"self":[{"href":"https:\/\/meridianglobalservices.com\/de\/wp-json\/wp\/v2\/posts\/6834","targetHints":{"allow":["GET"]}}],"collection":[{"href":"https:\/\/meridianglobalservices.com\/de\/wp-json\/wp\/v2\/posts"}],"about":[{"href":"https:\/\/meridianglobalservices.com\/de\/wp-json\/wp\/v2\/types\/post"}],"author":[{"embeddable":true,"href":"https:\/\/meridianglobalservices.com\/de\/wp-json\/wp\/v2\/users\/239137921"}],"replies":[{"embeddable":true,"href":"https:\/\/meridianglobalservices.com\/de\/wp-json\/wp\/v2\/comments?post=6834"}],"version-history":[{"count":2,"href":"https:\/\/meridianglobalservices.com\/de\/wp-json\/wp\/v2\/posts\/6834\/revisions"}],"predecessor-version":[{"id":6836,"href":"https:\/\/meridianglobalservices.com\/de\/wp-json\/wp\/v2\/posts\/6834\/revisions\/6836"}],"wp:featuredmedia":[{"embeddable":true,"href":"https:\/\/meridianglobalservices.com\/de\/wp-json\/wp\/v2\/media\/6762"}],"wp:attachment":[{"href":"https:\/\/meridianglobalservices.com\/de\/wp-json\/wp\/v2\/media?parent=6834"}],"wp:term":[{"taxonomy":"category","embeddable":true,"href":"https:\/\/meridianglobalservices.com\/de\/wp-json\/wp\/v2\/categories?post=6834"},{"taxonomy":"post_tag","embeddable":true,"href":"https:\/\/meridianglobalservices.com\/de\/wp-json\/wp\/v2\/tags?post=6834"}],"curies":[{"name":"wp","href":"https:\/\/api.w.org\/{rel}","templated":true}]}}