{"id":6706,"date":"2024-01-24T13:05:00","date_gmt":"2024-01-24T13:05:00","guid":{"rendered":"https:\/\/meridianglobalservices.com\/?p=6706"},"modified":"2024-07-02T13:10:51","modified_gmt":"2024-07-02T12:10:51","slug":"businesseurope-continue-de-reiterer-son-soutien-a-une-reforme-du-cadre-de-conformite-a-la-tva-de-lunion-europeenne-avec-des-regles-qui-fonctionnent-mieux-pour-les-entreprises","status":"publish","type":"post","link":"https:\/\/meridianglobalservices.com\/fr\/businesseurope-continues-to-reiterate-its-support-for-a-reform-of-the-eus-vat-compliance-framework-with-rules-that-work-better-for-businesses\/","title":{"rendered":"BusinessEurope continue de r\u00e9it\u00e9rer son soutien \u00e0 une r\u00e9forme du cadre de conformit\u00e9 de la TVA de l'UE avec des r\u00e8gles qui fonctionnent mieux pour les entreprises."},"content":{"rendered":"<p class=\"wp-block-paragraph\">Les progr\u00e8s r\u00e9alis\u00e9s dans ce domaine peuvent contribuer de mani\u00e8re importante \u00e0 l'\u00e9limination des barri\u00e8res commerciales au sein du march\u00e9 unique. En outre, ils s'inscrivent dans l'objectif global de la Commission de r\u00e9duire les obligations de d\u00e9claration dans la l\u00e9gislation de l'UE de 25%, de renforcer la comp\u00e9titivit\u00e9 de l'UE et de la rendre plus attrayante pour les investissements des entreprises situ\u00e9es en dehors de l'UE.<\/p>\n\n\n\n<p class=\"wp-block-paragraph\">Cependant, nous sommes pr\u00e9occup\u00e9s par le fait que, dans l'attente des n\u00e9gociations sur cette proposition au Conseil, les \u00c9tats membres ont de plus en plus tendance \u00e0 introduire leurs propres mod\u00e8les de d\u00e9claration num\u00e9rique pour les transactions nationales. \u00c0 moins que ces mod\u00e8les nationaux ne soient interop\u00e9rables avec la norme propos\u00e9e par la Commission pour les transactions intracommunautaires, les entreprises op\u00e9rant au sein du march\u00e9 unique risquent de se retrouver dans l'obligation d'adh\u00e9rer \u00e0 de multiples normes nationales de d\u00e9claration, avant de devoir changer de syst\u00e8me une fois de plus pour adh\u00e9rer \u00e0 la norme de l'UE, une fois celle-ci mise en \u0153uvre. Ce sc\u00e9nario entra\u00eenera in\u00e9vitablement des co\u00fbts excessifs pour les entreprises et entravera en fin de compte les objectifs politiques de la Commission dans ce domaine.<\/p>\n\n\n\n<p class=\"wp-block-paragraph\">Nous demandons donc instamment aux \u00c9tats membres de parvenir d'urgence \u00e0 un accord sur un cadre harmonis\u00e9 de d\u00e9claration num\u00e9rique pour les transactions intracommunautaires, en veillant \u00e0 ce que les mod\u00e8les de d\u00e9claration nationaux soient interop\u00e9rables au sein d'un cadre europ\u00e9en. Dans le cadre de cet accord, il sera \u00e9galement important d'\u00e9tablir une p\u00e9riode de transition au cours de laquelle les syst\u00e8mes nationaux convergeront vers le cadre de l'UE, garantissant ainsi l'efficacit\u00e9 et l'efficience des r\u00e8gles.<\/p>","protected":false},"excerpt":{"rendered":"<p>Progress in this area can play an important contribution to eliminating trade barriers within the Single Market. Furthermore, it aligns with the Commission&#8217;s overarching goal of reducing [&hellip;]<\/p>\n","protected":false},"author":239137923,"featured_media":6708,"comment_status":"open","ping_status":"open","sticky":false,"template":"","format":"standard","meta":{"content-type":"","_jetpack_newsletter_access":"","_jetpack_dont_email_post_to_subs":false,"_jetpack_newsletter_tier_id":0,"_jetpack_memberships_contains_paywalled_content":false,"_wpcom_ai_launchpad_first_post":false,"_jetpack_feature_clip_id":0,"_jetpack_memberships_contains_paid_content":false,"footnotes":"","jetpack_publicize_message":"{title}\n\n{excerpt}\n\n{url}","jetpack_publicize_feature_enabled":true,"jetpack_social_post_already_shared":true,"jetpack_social_options":{"image_generator_settings":{"template":"highway","default_image_id":0,"font":"","enabled":false},"version":2},"_wpas_customize_per_network":false,"jetpack_post_was_ever_published":false},"categories":[1387],"tags":[],"class_list":["post-6706","post","type-post","status-publish","format-standard","has-post-thumbnail","hentry","category-eu-vat-update"],"jetpack_publicize_connections":[],"jetpack_likes_enabled":true,"jetpack_sharing_enabled":true,"jetpack_shortlink":"https:\/\/wp.me\/pfNysa-1Ka","jetpack_featured_media_url":"https:\/\/meridianglobalservices.com\/wp-content\/uploads\/2024\/07\/blog-eu-tax-1140x360-1.png","_links":{"self":[{"href":"https:\/\/meridianglobalservices.com\/fr\/wp-json\/wp\/v2\/posts\/6706","targetHints":{"allow":["GET"]}}],"collection":[{"href":"https:\/\/meridianglobalservices.com\/fr\/wp-json\/wp\/v2\/posts"}],"about":[{"href":"https:\/\/meridianglobalservices.com\/fr\/wp-json\/wp\/v2\/types\/post"}],"author":[{"embeddable":true,"href":"https:\/\/meridianglobalservices.com\/fr\/wp-json\/wp\/v2\/users\/239137923"}],"replies":[{"embeddable":true,"href":"https:\/\/meridianglobalservices.com\/fr\/wp-json\/wp\/v2\/comments?post=6706"}],"version-history":[{"count":2,"href":"https:\/\/meridianglobalservices.com\/fr\/wp-json\/wp\/v2\/posts\/6706\/revisions"}],"predecessor-version":[{"id":6709,"href":"https:\/\/meridianglobalservices.com\/fr\/wp-json\/wp\/v2\/posts\/6706\/revisions\/6709"}],"wp:featuredmedia":[{"embeddable":true,"href":"https:\/\/meridianglobalservices.com\/fr\/wp-json\/wp\/v2\/media\/6708"}],"wp:attachment":[{"href":"https:\/\/meridianglobalservices.com\/fr\/wp-json\/wp\/v2\/media?parent=6706"}],"wp:term":[{"taxonomy":"category","embeddable":true,"href":"https:\/\/meridianglobalservices.com\/fr\/wp-json\/wp\/v2\/categories?post=6706"},{"taxonomy":"post_tag","embeddable":true,"href":"https:\/\/meridianglobalservices.com\/fr\/wp-json\/wp\/v2\/tags?post=6706"}],"curies":[{"name":"wp","href":"https:\/\/api.w.org\/{rel}","templated":true}]}}