{"id":6760,"date":"2023-11-23T12:36:00","date_gmt":"2023-11-23T12:36:00","guid":{"rendered":"https:\/\/meridianglobalservices.com\/?p=6760"},"modified":"2024-07-03T12:39:57","modified_gmt":"2024-07-03T11:39:57","slug":"consultation-sur-la-declaration-numerique-de-la-tva-en-irlande-les-recettes-doivent-sinspirer-de-lexperience-des-entreprises-dans-dautres-juridictions","status":"publish","type":"post","link":"https:\/\/meridianglobalservices.com\/fr\/digital-vat-reporting-consultation-in-ireland-revenue-to-take-inspiration-from-businesses-experiences-in-other-jurisdictions\/","title":{"rendered":"Consultation sur la d\u00e9claration num\u00e9rique de la TVA en Irlande : Les recettes doivent s'inspirer des exp\u00e9riences des entreprises dans d'autres juridictions"},"content":{"rendered":"<p class=\"wp-block-paragraph\"><br>L'administration fiscale irlandaise vient d'ouvrir sa consultation publique, afin de d\u00e9terminer la direction \u00e0 prendre pour moderniser les syst\u00e8mes de d\u00e9claration nationaux de l'Irlande - la facturation \u00e9lectronique et la d\u00e9claration num\u00e9rique en temps r\u00e9el \u00e9tant susceptibles de figurer au premier plan de cette consultation.<\/p>\n\n\n\n<p class=\"wp-block-paragraph\">La consultation se d\u00e9roulera jusqu'au 12 janvier 2024 et vise \u00e0 recueillir les exp\u00e9riences et les d\u00e9fis des entreprises en mati\u00e8re de conformit\u00e9 avec les programmes nationaux de facturation \u00e9lectronique et de d\u00e9claration num\u00e9rique existants dans les juridictions de l'UE et hors UE, ainsi que des suggestions sur la fa\u00e7on dont le syst\u00e8me irlandais devrait se pr\u00e9senter du point de vue des entreprises.<\/p>\n\n\n\n<p class=\"wp-block-paragraph\">Il semble donc que l'Irlande cherchera \u00e0 s'inspirer des syst\u00e8mes de d\u00e9claration nationaux existants \u00e0 travers le monde, tout en gardant sans doute un \u0153il sur l'\u00e9volution des discussions ViDA actuellement en cours au sein de la Commission et du Parlement de l'UE - ce dernier \u00e9tant susceptible d'orienter fortement la d\u00e9cision de Revenue en ce qui concerne le programme national qui sera finalement mis en \u0153uvre en Irlande, parall\u00e8lement \u00e0 la pr\u00e9sente consultation.<\/p>\n\n\n\n<p class=\"wp-block-paragraph\">Dans notre r\u00e9cent article, nous avons indiqu\u00e9 que les discussions relatives \u00e0 la ViDA semblent s'orienter vers un syst\u00e8me de d\u00e9claration num\u00e9rique en temps r\u00e9el bas\u00e9 sur la facturation \u00e9lectronique obligatoire, avec un apurement d\u00e9centralis\u00e9 de la facture via le portail de l'administration fiscale et\/ou des tiers ; \u00e0 l'instar de certains programmes nationaux de DRR r\u00e9cemment propos\u00e9s par certains \u00c9tats membres de l'UE (France, Espagne, et al.).<\/p>\n\n\n\n<p class=\"wp-block-paragraph\">Il reste \u00e0 voir si l'Irlande suivra \u00e9galement cette voie, sans qu'aucun d\u00e9tail sp\u00e9cifique ou calendrier d\u00e9finitif n'ait encore \u00e9t\u00e9 fourni.<\/p>","protected":false},"excerpt":{"rendered":"<p>Irish Revenue has now opened its public consultation, as it considers the direction it will take to modernise Ireland\u2019s domestic reporting systems &#8211; with e-invoicing &amp; Digital [&hellip;]<\/p>\n","protected":false},"author":239137921,"featured_media":6762,"comment_status":"open","ping_status":"open","sticky":false,"template":"","format":"standard","meta":{"_crdt_document":"","content-type":"","_jetpack_newsletter_access":"","_jetpack_dont_email_post_to_subs":false,"_jetpack_newsletter_tier_id":0,"_jetpack_memberships_contains_paywalled_content":false,"_jetpack_memberships_contains_paid_content":false,"footnotes":"","jetpack_publicize_message":"","jetpack_publicize_feature_enabled":true,"jetpack_social_post_already_shared":true,"jetpack_social_options":{"image_generator_settings":{"template":"highway","default_image_id":0,"font":"","enabled":false},"version":2},"_wpas_customize_per_network":false,"jetpack_post_was_ever_published":false},"categories":[1387],"tags":[1391],"class_list":["post-6760","post","type-post","status-publish","format-standard","has-post-thumbnail","hentry","category-eu-vat-update","tag-vida-update"],"jetpack_publicize_connections":[],"jetpack_featured_media_url":"https:\/\/meridianglobalservices.com\/wp-content\/uploads\/2024\/07\/blog-2023-10-12-VIDA_Blog_Posts_1140x300pxV2-1.png","jetpack_likes_enabled":true,"jetpack_sharing_enabled":true,"jetpack_shortlink":"https:\/\/wp.me\/pfNysa-1L2","_links":{"self":[{"href":"https:\/\/meridianglobalservices.com\/fr\/wp-json\/wp\/v2\/posts\/6760","targetHints":{"allow":["GET"]}}],"collection":[{"href":"https:\/\/meridianglobalservices.com\/fr\/wp-json\/wp\/v2\/posts"}],"about":[{"href":"https:\/\/meridianglobalservices.com\/fr\/wp-json\/wp\/v2\/types\/post"}],"author":[{"embeddable":true,"href":"https:\/\/meridianglobalservices.com\/fr\/wp-json\/wp\/v2\/users\/239137921"}],"replies":[{"embeddable":true,"href":"https:\/\/meridianglobalservices.com\/fr\/wp-json\/wp\/v2\/comments?post=6760"}],"version-history":[{"count":2,"href":"https:\/\/meridianglobalservices.com\/fr\/wp-json\/wp\/v2\/posts\/6760\/revisions"}],"predecessor-version":[{"id":6763,"href":"https:\/\/meridianglobalservices.com\/fr\/wp-json\/wp\/v2\/posts\/6760\/revisions\/6763"}],"wp:featuredmedia":[{"embeddable":true,"href":"https:\/\/meridianglobalservices.com\/fr\/wp-json\/wp\/v2\/media\/6762"}],"wp:attachment":[{"href":"https:\/\/meridianglobalservices.com\/fr\/wp-json\/wp\/v2\/media?parent=6760"}],"wp:term":[{"taxonomy":"category","embeddable":true,"href":"https:\/\/meridianglobalservices.com\/fr\/wp-json\/wp\/v2\/categories?post=6760"},{"taxonomy":"post_tag","embeddable":true,"href":"https:\/\/meridianglobalservices.com\/fr\/wp-json\/wp\/v2\/tags?post=6760"}],"curies":[{"name":"wp","href":"https:\/\/api.w.org\/{rel}","templated":true}]}}