{"id":7061,"date":"2023-03-20T14:10:00","date_gmt":"2023-03-20T14:10:00","guid":{"rendered":"https:\/\/meridianglobalservices.com\/?p=7061"},"modified":"2024-07-16T14:12:46","modified_gmt":"2024-07-16T13:12:46","slug":"facturation-electronique-en-allemagne","status":"publish","type":"post","link":"https:\/\/meridianglobalservices.com\/fr\/e-invoicing-in-germany\/","title":{"rendered":"Facturation \u00e9lectronique en Allemagne"},"content":{"rendered":"<p class=\"wp-block-paragraph\">Dans son accord de coalition du 24.11.2021, la coalition gouvernementale allemande a annonc\u00e9 son intention de prendre des mesures pour r\u00e9duire la fraude \u00e0 la TVA dans les ann\u00e9es \u00e0 venir. Le plan comprend la mise en \u0153uvre d'un syst\u00e8me de d\u00e9claration \u00e9lectronique \u00e0 utiliser pour la cr\u00e9ation, la v\u00e9rification et l'envoi de factures \u00e9lectroniques B2B. Ce nouveau syst\u00e8me devrait \u00eatre introduit d'ici 2025. La facturation B2G s'applique en Allemagne depuis 2020.<\/p>\n\n\n\n<p class=\"wp-block-paragraph\">L'administration f\u00e9d\u00e9rale rel\u00e8ve certains des crit\u00e8res suivants pour la facturation \u00e9lectronique en Allemagne :<\/p>\n\n\n\n<p class=\"wp-block-paragraph\">Le cadre juridique de la facturation \u00e9lectronique en Allemagne est l'ordonnance sur la facturation \u00e9lectronique (\"E-RechV\").<br>Le r\u00e8glement pr\u00e9cise les exigences relatives au mod\u00e8le de donn\u00e9es de la facture, qui doit toujours \u00eatre conforme \u00e0 la norme d'\u00e9change de donn\u00e9es \"XRechnung\" ou \u00e0 une autre norme conforme \u00e0 la norme europ\u00e9enne EN 16931. Le XRechnung est un mod\u00e8le de donn\u00e9es s\u00e9mantique bas\u00e9 sur le XML.<\/p>\n\n\n\n<p class=\"wp-block-paragraph\">La norme \"XRechnung\" doit toujours \u00eatre utilis\u00e9e pour l'\u00e9mission de factures \u00e9lectroniques.<br>En outre, toute autre norme peut \u00eatre utilis\u00e9e si elle r\u00e9pond aux exigences de la norme europ\u00e9enne pour la facturation \u00e9lectronique (EN 16931), de la norme allemande \"E-RechV\" et des conditions d'utilisation des plates-formes f\u00e9d\u00e9rales de r\u00e9ception des factures.<\/p>\n\n\n\n<p class=\"wp-block-paragraph\">Un fichier PDF n'est pas une facture \u00e9lectronique.<br>Une facture \u00e9lectronique au sens de la directive europ\u00e9enne 2014\/55\/UE et de l'E-RechV est une facture \u00e9mise, transmise et re\u00e7ue dans un format \u00e9lectronique structur\u00e9, qui permet un traitement automatique et \u00e9lectronique. Un fichier image, un PDF ou une facture papier scann\u00e9e ne r\u00e9pondent donc pas \u00e0 ces exigences l\u00e9gales.<\/p>\n\n\n\n<p class=\"wp-block-paragraph\">La facture \u00e9lectronique permet un traitement sans faille des factures<br>Une facture \u00e9lectronique envoy\u00e9e au gouvernement f\u00e9d\u00e9ral sera trait\u00e9e enti\u00e8rement par voie \u00e9lectronique, de la cr\u00e9ation de la facture au paiement final et \u00e0 l'archivage, en passant par le traitement de la facture. De cette mani\u00e8re, il n'est pas n\u00e9cessaire de proc\u00e9der \u00e0 une saisie manuelle.<\/p>\n\n\n\n<p class=\"wp-block-paragraph\">Les institutions directes et indirectes de l'administration f\u00e9d\u00e9rale re\u00e7oivent d\u00e9j\u00e0 des factures \u00e9lectroniques via des plateformes centrales de r\u00e9ception des factures.<br>Ces plateformes ont trois fonctions principales :<\/p>\n\n\n\n<p class=\"wp-block-paragraph\">La r\u00e9ception de factures \u00e9lectroniques provenant de diff\u00e9rents canaux de soumission<br>L'examen technique des factures \u00e9lectroniques (par exemple, l'examen du contenu, des pi\u00e8ces jointes, la v\u00e9rification de l'antivirus)<br>La transmission des factures au destinataire pr\u00e9vu.<br>Le minist\u00e8re f\u00e9d\u00e9ral des finances devrait publier dans les prochaines semaines un projet de discussion sur l'introduction de la facturation \u00e9lectronique interentreprises obligatoire en Allemagne.<\/p>","protected":false},"excerpt":{"rendered":"<p>In its Coalition Agreement from 24.11.2021, the German governing Coalition announced its intention to take measures to reduce VAT fraud in the coming years. The plan included [&hellip;]<\/p>\n","protected":false},"author":239137923,"featured_media":7062,"comment_status":"open","ping_status":"open","sticky":false,"template":"","format":"standard","meta":{"_crdt_document":"","content-type":"","_jetpack_newsletter_access":"","_jetpack_dont_email_post_to_subs":false,"_jetpack_newsletter_tier_id":0,"_jetpack_memberships_contains_paywalled_content":false,"_jetpack_memberships_contains_paid_content":false,"footnotes":"","jetpack_publicize_message":"","jetpack_publicize_feature_enabled":true,"jetpack_social_post_already_shared":true,"jetpack_social_options":{"image_generator_settings":{"template":"highway","default_image_id":0,"font":"","enabled":false},"version":2},"_wpas_customize_per_network":false,"jetpack_post_was_ever_published":false},"categories":[1389],"tags":[1391],"class_list":["post-7061","post","type-post","status-publish","format-standard","has-post-thumbnail","hentry","category-vida","tag-vida-update"],"jetpack_publicize_connections":[],"jetpack_featured_media_url":"https:\/\/meridianglobalservices.com\/wp-content\/uploads\/2024\/07\/blog-einvoice-ger_1140x360.png","jetpack_likes_enabled":true,"jetpack_sharing_enabled":true,"jetpack_shortlink":"https:\/\/wp.me\/pfNysa-1PT","_links":{"self":[{"href":"https:\/\/meridianglobalservices.com\/fr\/wp-json\/wp\/v2\/posts\/7061","targetHints":{"allow":["GET"]}}],"collection":[{"href":"https:\/\/meridianglobalservices.com\/fr\/wp-json\/wp\/v2\/posts"}],"about":[{"href":"https:\/\/meridianglobalservices.com\/fr\/wp-json\/wp\/v2\/types\/post"}],"author":[{"embeddable":true,"href":"https:\/\/meridianglobalservices.com\/fr\/wp-json\/wp\/v2\/users\/239137923"}],"replies":[{"embeddable":true,"href":"https:\/\/meridianglobalservices.com\/fr\/wp-json\/wp\/v2\/comments?post=7061"}],"version-history":[{"count":2,"href":"https:\/\/meridianglobalservices.com\/fr\/wp-json\/wp\/v2\/posts\/7061\/revisions"}],"predecessor-version":[{"id":7064,"href":"https:\/\/meridianglobalservices.com\/fr\/wp-json\/wp\/v2\/posts\/7061\/revisions\/7064"}],"wp:featuredmedia":[{"embeddable":true,"href":"https:\/\/meridianglobalservices.com\/fr\/wp-json\/wp\/v2\/media\/7062"}],"wp:attachment":[{"href":"https:\/\/meridianglobalservices.com\/fr\/wp-json\/wp\/v2\/media?parent=7061"}],"wp:term":[{"taxonomy":"category","embeddable":true,"href":"https:\/\/meridianglobalservices.com\/fr\/wp-json\/wp\/v2\/categories?post=7061"},{"taxonomy":"post_tag","embeddable":true,"href":"https:\/\/meridianglobalservices.com\/fr\/wp-json\/wp\/v2\/tags?post=7061"}],"curies":[{"name":"wp","href":"https:\/\/api.w.org\/{rel}","templated":true}]}}