{"id":9988,"date":"2025-02-24T12:03:22","date_gmt":"2025-02-24T12:03:22","guid":{"rendered":"https:\/\/meridianglobalservices.com\/?p=9988"},"modified":"2025-02-24T12:03:24","modified_gmt":"2025-02-24T12:03:24","slug":"la-belgique-change-pour-moderniser-la-procedure-et-la-perception-de-la-tva","status":"publish","type":"post","link":"https:\/\/meridianglobalservices.com\/fr\/belgium-changes-to-modernise-the-vat-procedure-as-well-as-vat-collection\/","title":{"rendered":"Belgique - Modifications visant \u00e0 moderniser la cha\u00eene TVA  et la collecte de la TVA"},"content":{"rendered":"<p class=\"wp-block-paragraph\"><strong>Situation actuelle<\/strong><\/p>\n\n\n\n<p class=\"wp-block-paragraph\">Le 1er janvier 2025, le projet de loi visant \u00e0 moderniser la cha\u00eene TVA  et la perception de la TVA en Belgique est entr\u00e9 en vigueur.<\/p>\n\n\n\n<p class=\"wp-block-paragraph\">Ce projet ambitieux est d'une importance capitale non seulement pour les autorit\u00e9s fiscales belges, mais aussi pour les entreprises immatricul\u00e9es \u00e0 la TVA en Belgique.<\/p>\n\n\n\n<p class=\"wp-block-paragraph\">L'objectif de cette mesure est d'offrir plus de flexibilit\u00e9, de clart\u00e9 et de simplification afin d'encourager un comportement conforme.<\/p>\n\n\n\n<p class=\"wp-block-paragraph\"><strong>Nouveaut\u00e9s pour les entreprises immatricul\u00e9es \u00e0 la TVA<\/strong><\/p>\n\n\n\n<ul class=\"wp-block-list\">\n<li>Prolongation des d\u00e9lais : les entreprises qui d\u00e9posent des d\u00e9clarations de TVA belges sur une base trimestrielle b\u00e9n\u00e9ficieront de d\u00e9lais de d\u00e9p\u00f4t et de paiement plus longs, \u00e0 savoir les 25<sup>th<\/sup> du mois suivant la p\u00e9riode<\/li>\n<\/ul>\n\n\n\n<ul class=\"wp-block-list\">\n<li>Suppression de la possibilit\u00e9 de d\u00e9poser une d\u00e9claration p\u00e9riodique de TVA modifi\u00e9e apr\u00e8s la date limite de d\u00e9p\u00f4t pour la p\u00e9riode. Toutefois, si le contribuable d\u00e9couvre une erreur mat\u00e9rielle apr\u00e8s le d\u00e9lai l\u00e9gal de d\u00e9p\u00f4t, la correction peut \u00eatre signal\u00e9e dans la d\u00e9claration de TVA suivante.<\/li>\n<\/ul>\n\n\n\n<ul class=\"wp-block-list\">\n<li>\u00a0Introduction d'un d\u00e9lai de r\u00e9ponse pour les demandes de renseignements. Le contribuable doit d\u00e9sormais r\u00e9pondre dans un d\u00e9lai d'un mois \u00e0 compter du troisi\u00e8me jour ouvrable suivant l'envoi de la demande.<\/li>\n<\/ul>\n\n\n\n<ul class=\"wp-block-list\">\n<li>Introduction d'une proposition de d\u00e9claration de substitution en cas de non-d\u00e9p\u00f4t de la d\u00e9claration p\u00e9riodique de TVA. Si vous ne d\u00e9posez pas votre d\u00e9claration p\u00e9riodique de TVA dans les 3 mois suivant la p\u00e9riode de d\u00e9claration, les autorit\u00e9s belges \u00e9tabliront une proposition de d\u00e9claration de substitution<\/li>\n<\/ul>\n\n\n\n<ul class=\"wp-block-list\">\n<li>De nouvelles sanctions sont introduites\u00a0\u00a0\u00a0<\/li>\n<\/ul>\n\n\n\n<ul class=\"wp-block-list\">\n<li>Le compte de provision TVA remplacera le compte courant TVA<\/li>\n<\/ul>\n\n\n\n<ul class=\"wp-block-list\">\n<li>Gestion simplifi\u00e9e via MyMinfin. Consultation et gestion de la situation financi\u00e8re  sur un portail unique<\/li>\n<\/ul>\n\n\n\n<ul class=\"wp-block-list\">\n<li>\u00a0R\u00e8gles adapt\u00e9es pour les remboursements de TVA<\/li>\n<\/ul>\n\n\n\n<ul class=\"wp-block-list\">\n<li>Nouveaux num\u00e9ros de compte pour les paiements de TVA<\/li>\n<\/ul>\n\n\n\n<ul class=\"wp-block-list\">\n<li>La possibilit\u00e9 de payer la TVA par pr\u00e9l\u00e8vement automatique<\/li>\n<\/ul>\n\n\n\n<p class=\"wp-block-paragraph\">Ces nouveaux changements seront introduits progressivement entre le 1<sup>st<\/sup> janvier 2025 et d\u00e9but 2026.<\/p>\n\n\n\n<p class=\"wp-block-paragraph\">Nous encourageons les entreprises \u00e0 examiner les r\u00e8gles ci-dessus afin d'\u00e9valuer l'impact qu'elles peuvent avoir sur leur conformit\u00e9 quotidienne en mati\u00e8re de TVA.<\/p>\n\n\n\n<p class=\"wp-block-paragraph\">Si vous souhaitez obtenir plus de d\u00e9tails, n'h\u00e9sitez pas \u00e0 nous contacter.<\/p>\n\n\n\n<p class=\"wp-block-paragraph\"><\/p>","protected":false},"excerpt":{"rendered":"<p>Background On January 1, 2025, the bill to modernise the VAT procedure and the collection of VAT in Belgium came into force. This ambitious project is of [&hellip;]<\/p>\n","protected":false},"author":239137932,"featured_media":9989,"comment_status":"closed","ping_status":"open","sticky":false,"template":"","format":"standard","meta":{"_crdt_document":"","content-type":"","_jetpack_newsletter_access":"","_jetpack_dont_email_post_to_subs":false,"_jetpack_newsletter_tier_id":0,"_jetpack_memberships_contains_paywalled_content":false,"_jetpack_memberships_contains_paid_content":false,"footnotes":"","jetpack_publicize_message":"","jetpack_publicize_feature_enabled":true,"jetpack_social_post_already_shared":true,"jetpack_social_options":{"image_generator_settings":{"template":"highway","default_image_id":0,"font":"","enabled":false},"version":2},"_wpas_customize_per_network":false,"jetpack_post_was_ever_published":false},"categories":[1387],"tags":[1417],"class_list":["post-9988","post","type-post","status-publish","format-standard","has-post-thumbnail","hentry","category-eu-vat-update","tag-belgium-vat-update"],"jetpack_publicize_connections":[],"jetpack_featured_media_url":"https:\/\/meridianglobalservices.com\/wp-content\/uploads\/2025\/02\/belgium_240205_1140x360.jpg","jetpack_likes_enabled":true,"jetpack_sharing_enabled":true,"jetpack_shortlink":"https:\/\/wp.me\/pfNysa-2B6","_links":{"self":[{"href":"https:\/\/meridianglobalservices.com\/fr\/wp-json\/wp\/v2\/posts\/9988","targetHints":{"allow":["GET"]}}],"collection":[{"href":"https:\/\/meridianglobalservices.com\/fr\/wp-json\/wp\/v2\/posts"}],"about":[{"href":"https:\/\/meridianglobalservices.com\/fr\/wp-json\/wp\/v2\/types\/post"}],"author":[{"embeddable":true,"href":"https:\/\/meridianglobalservices.com\/fr\/wp-json\/wp\/v2\/users\/239137932"}],"replies":[{"embeddable":true,"href":"https:\/\/meridianglobalservices.com\/fr\/wp-json\/wp\/v2\/comments?post=9988"}],"version-history":[{"count":2,"href":"https:\/\/meridianglobalservices.com\/fr\/wp-json\/wp\/v2\/posts\/9988\/revisions"}],"predecessor-version":[{"id":9991,"href":"https:\/\/meridianglobalservices.com\/fr\/wp-json\/wp\/v2\/posts\/9988\/revisions\/9991"}],"wp:featuredmedia":[{"embeddable":true,"href":"https:\/\/meridianglobalservices.com\/fr\/wp-json\/wp\/v2\/media\/9989"}],"wp:attachment":[{"href":"https:\/\/meridianglobalservices.com\/fr\/wp-json\/wp\/v2\/media?parent=9988"}],"wp:term":[{"taxonomy":"category","embeddable":true,"href":"https:\/\/meridianglobalservices.com\/fr\/wp-json\/wp\/v2\/categories?post=9988"},{"taxonomy":"post_tag","embeddable":true,"href":"https:\/\/meridianglobalservices.com\/fr\/wp-json\/wp\/v2\/tags?post=9988"}],"curies":[{"name":"wp","href":"https:\/\/api.w.org\/{rel}","templated":true}]}}